{"id":10,"date":"2024-03-11T18:58:18","date_gmt":"2024-03-11T17:58:18","guid":{"rendered":"http:\/\/orthodontiste-de-la-manche-menace-de-sanctions-disciplinaires"},"modified":"2024-03-11T18:58:18","modified_gmt":"2024-03-11T17:58:18","slug":"orthodontiste-de-la-manche-menace-de-sanctions-disciplinaires","status":"publish","type":"post","link":"https:\/\/orthodentiste.fr\/blog\/orthodontiste-de-la-manche-menace-de-sanctions-disciplinaires\/","title":{"rendered":"Orthodontiste de la Manche menac\u00e9 de sanctions disciplinaires"},"content":{"rendered":"<p>Un praticien lib\u00e9ral exer\u00e7ant en Normandie se trouve au c\u0153ur d&#8217;une temp\u00eate m\u00e9diatique et fait l&#8217;objet de sanctions potentielles. L&#8217;Urssaf Normandie et le conseil d\u00e9partemental de l&#8217;Ordre national des chirurgiens-dentistes pointent du doigt ce dernier pour sa dette importante.<\/p>\n<div id=\"ez-toc-container\" class=\"ez-toc-v2_0_63 counter-hierarchy ez-toc-counter ez-toc-grey ez-toc-container-direction\">\n<div class=\"ez-toc-title-container\">\n<p class=\"ez-toc-title \" >Table des mati\u00e8res<\/p>\n<span class=\"ez-toc-title-toggle\"><a href=\"#\" class=\"ez-toc-pull-right ez-toc-btn ez-toc-btn-xs ez-toc-btn-default ez-toc-toggle\" aria-label=\"Toggle Table of Content\"><span class=\"ez-toc-js-icon-con\"><span class=\"\"><span class=\"eztoc-hide\" style=\"display:none;\">Toggle<\/span><span class=\"ez-toc-icon-toggle-span\"><svg style=\"fill: #999;color:#999\" xmlns=\"http:\/\/www.w3.org\/2000\/svg\" class=\"list-377408\" width=\"20px\" height=\"20px\" viewBox=\"0 0 24 24\" fill=\"none\"><path d=\"M6 6H4v2h2V6zm14 0H8v2h12V6zM4 11h2v2H4v-2zm16 0H8v2h12v-2zM4 16h2v2H4v-2zm16 0H8v2h12v-2z\" fill=\"currentColor\"><\/path><\/svg><svg style=\"fill: #999;color:#999\" class=\"arrow-unsorted-368013\" xmlns=\"http:\/\/www.w3.org\/2000\/svg\" width=\"10px\" height=\"10px\" viewBox=\"0 0 24 24\" version=\"1.2\" baseProfile=\"tiny\"><path d=\"M18.2 9.3l-6.2-6.3-6.2 6.3c-.2.2-.3.4-.3.7s.1.5.3.7c.2.2.4.3.7.3h11c.3 0 .5-.1.7-.3.2-.2.3-.5.3-.7s-.1-.5-.3-.7zM5.8 14.7l6.2 6.3 6.2-6.3c.2-.2.3-.5.3-.7s-.1-.5-.3-.7c-.2-.2-.4-.3-.7-.3h-11c-.3 0-.5.1-.7.3-.2.2-.3.5-.3.7s.1.5.3.7z\"\/><\/svg><\/span><\/span><\/span><\/a><\/span><\/div>\n<nav><ul class='ez-toc-list ez-toc-list-level-1 ' ><li class='ez-toc-page-1 ez-toc-heading-level-2'><a class=\"ez-toc-link ez-toc-heading-1\" href=\"https:\/\/orthodentiste.fr\/blog\/orthodontiste-de-la-manche-menace-de-sanctions-disciplinaires\/#Pres_de_700_000_euros_de_cotisations_impayees_a_lUrssaf\" title=\"Pr\u00e8s de 700 000 euros de cotisations impay\u00e9es \u00e0 l&#8217;Urssaf\">Pr\u00e8s de 700 000 euros de cotisations impay\u00e9es \u00e0 l&#8217;Urssaf<\/a><ul class='ez-toc-list-level-3' ><li class='ez-toc-heading-level-3'><a class=\"ez-toc-link ez-toc-heading-2\" href=\"https:\/\/orthodentiste.fr\/blog\/orthodontiste-de-la-manche-menace-de-sanctions-disciplinaires\/#Pourquoi_un_tel_montant\" title=\"Pourquoi un tel montant ?\">Pourquoi un tel montant ?<\/a><\/li><\/ul><\/li><li class='ez-toc-page-1 ez-toc-heading-level-2'><a class=\"ez-toc-link ez-toc-heading-3\" href=\"https:\/\/orthodentiste.fr\/blog\/orthodontiste-de-la-manche-menace-de-sanctions-disciplinaires\/#Quelles_sont_les_sanctions_possibles\" title=\"Quelles sont les sanctions possibles ?\">Quelles sont les sanctions possibles ?<\/a><\/li><li class='ez-toc-page-1 ez-toc-heading-level-2'><a class=\"ez-toc-link ez-toc-heading-4\" href=\"https:\/\/orthodentiste.fr\/blog\/orthodontiste-de-la-manche-menace-de-sanctions-disciplinaires\/#La_necessite_dune_meilleure_prevention\" title=\"La n\u00e9cessit\u00e9 d&#8217;une meilleure pr\u00e9vention\">La n\u00e9cessit\u00e9 d&#8217;une meilleure pr\u00e9vention<\/a><ul class='ez-toc-list-level-3' ><li class='ez-toc-heading-level-3'><a class=\"ez-toc-link ez-toc-heading-5\" href=\"https:\/\/orthodentiste.fr\/blog\/orthodontiste-de-la-manche-menace-de-sanctions-disciplinaires\/#Comment_ameliorer_la_prevention_et_la_detection_des_problemes\" title=\"Comment am\u00e9liorer la pr\u00e9vention et la d\u00e9tection des probl\u00e8mes ?\">Comment am\u00e9liorer la pr\u00e9vention et la d\u00e9tection des probl\u00e8mes ?<\/a><\/li><\/ul><\/li><\/ul><\/nav><\/div>\n<h2><span class=\"ez-toc-section\" id=\"Pres_de_700_000_euros_de_cotisations_impayees_a_lUrssaf\"><\/span>Pr\u00e8s de 700 000 euros de cotisations impay\u00e9es \u00e0 l&#8217;Urssaf<span class=\"ez-toc-section-end\"><\/span><\/h2>\n<p>Le praticien, qui exerce dans la Manche, doit environ <strong>700 000 euros de cotisations \u00e0 l\u2019Urssaf<\/strong>. Cette situation a pouss\u00e9 le conseil d\u00e9partemental de l&#8217;Ordre national des chirurgiens-dentistes et l&#8217;Urssaf \u00e0 demander \u00e0 la chambre disciplinaire de l&#8217;Ordre des chirurgiens-dentistes de Normandie de prendre des mesures \u00e0 son encontre.<\/p>\n<h3><span class=\"ez-toc-section\" id=\"Pourquoi_un_tel_montant\"><\/span>Pourquoi un tel montant ?<span class=\"ez-toc-section-end\"><\/span><\/h3>\n<p>Plusieurs raisons peuvent expliquer cette dette&nbsp;:<\/p>\n<ul>\n<li>Des difficult\u00e9s financi\u00e8res<\/li>\n<li>Une mauvaise gestion<\/li>\n<li>Ou encore un choix d\u00e9lib\u00e9r\u00e9 de ne pas payer ses cotisations<\/li>\n<\/ul>\n<p>Cependant, il est important de rappeler que le non-paiement des cotisations sociales peut avoir des cons\u00e9quences lourdes pour le professionnel ainsi que pour l&#8217;ensemble du syst\u00e8me de sant\u00e9.<\/p>\n<h2><span class=\"ez-toc-section\" id=\"Quelles_sont_les_sanctions_possibles\"><\/span>Quelles sont les sanctions possibles ?<span class=\"ez-toc-section-end\"><\/span><\/h2>\n<p>En cas de non-paiement des cotisations, le praticien peut voir sa situation se compliquer. Les sanctions peuvent \u00eatre multiples et varier selon les situations :<\/p>\n<ul>\n<li><strong>P\u00e9nalit\u00e9s financi\u00e8res<\/strong> : des majorations de retard, des p\u00e9nalit\u00e9s pour d\u00e9faut ou retard de paiement, ainsi que des int\u00e9r\u00eats l\u00e9gaux sont appliqu\u00e9s aux sommes dues.<\/li>\n<li><strong>Sanctions disciplinaires<\/strong> : la chambre disciplinaire de l&#8217;Ordre des chirurgiens-dentistes peut d\u00e9cider d&#8217;infliger une sanction telle que l&#8217;avertissement, le bl\u00e2me, l&#8217;interdiction temporaire d&#8217;exercer ou m\u00eame la radiation du tableau de l&#8217;Ordre.<\/li>\n<li><strong>Mesures administratives<\/strong> : le professionnel peut voir son autorisation d&#8217;exercice suspendue ou retir\u00e9e par l&#8217;autorit\u00e9 comp\u00e9tente.<\/li>\n<\/ul>\n<p>Il est \u00e0 noter que ces sanctions ne sont pas exclusives les unes des autres et qu&#8217;un cumul est possible en fonction de la gravit\u00e9 du cas.<\/p>\n<h2><span class=\"ez-toc-section\" id=\"La_necessite_dune_meilleure_prevention\"><\/span>La n\u00e9cessit\u00e9 d&#8217;une meilleure pr\u00e9vention<span class=\"ez-toc-section-end\"><\/span><\/h2>\n<p>Au-del\u00e0 de la question des sanctions, il est important de rappeler la responsabilit\u00e9 des professionnels de sant\u00e9 dans le syst\u00e8me de protection sociale fran\u00e7ais. En tant que tels, ils ont un r\u00f4le crucial dans le financement de notre r\u00e9gime de sant\u00e9 et doivent s&#8217;acquitter de leurs obligations, y compris le paiement de leurs cotisations.<\/p>\n<h3><span class=\"ez-toc-section\" id=\"Comment_ameliorer_la_prevention_et_la_detection_des_problemes\"><\/span>Comment am\u00e9liorer la pr\u00e9vention et la d\u00e9tection des probl\u00e8mes ?<span class=\"ez-toc-section-end\"><\/span><\/h3>\n<p>Un certain nombre de pistes peuvent \u00eatre envisag\u00e9es pour apporter des solutions efficaces \u00e0 ce genre de situations :<\/p>\n<ul>\n<li><strong>Mieux informer<\/strong> les professionnels de sant\u00e9 sur leurs obligations et les cons\u00e9quences en cas de manquement.<\/li>\n<li><strong>Rendre plus accessibles<\/strong> les dispositifs d&#8217;aide aux praticiens en difficult\u00e9 financi\u00e8re ou en situation de fragilit\u00e9 professionnelle.<\/li>\n<li><strong>Renforcer le suivi<\/strong> des cotisations et la collaboration entre l&#8217;Urssaf et les Ordres professionnels afin de d\u00e9tecter et d&#8217;anticiper les probl\u00e8mes avant qu&#8217;ils ne se transforment en situations critiques.<\/li>\n<li><strong>Favoriser le dialogue<\/strong> entre les parties concern\u00e9es pour pr\u00e9venir et r\u00e9soudre les litiges, plut\u00f4t que de recourir syst\u00e9matiquement \u00e0 la sanction.<\/li>\n<\/ul>\n<p>En conclusion, il est essentiel que tous les acteurs concern\u00e9s travaillent ensemble pour maintenir un syst\u00e8me de sant\u00e9 solidaire et durable, tout en veillant au respect des droits et obligations de chacun. La situation de cet orthodontiste dans la Manche doit nous servir comme exemple pour renforcer nos efforts en mati\u00e8re de pr\u00e9vention, de soutien et de sanctions appropri\u00e9es.<\/p>\n","protected":false},"excerpt":{"rendered":"<div class=\"mh-excerpt\"><p>Un praticien lib\u00e9ral exer\u00e7ant en Normandie se trouve au c\u0153ur d&#8217;une temp\u00eate m\u00e9diatique et fait l&#8217;objet de sanctions potentielles. L&#8217;Urssaf Normandie et le conseil d\u00e9partemental <a class=\"mh-excerpt-more\" href=\"https:\/\/orthodentiste.fr\/blog\/orthodontiste-de-la-manche-menace-de-sanctions-disciplinaires\/\" title=\"Orthodontiste de la Manche menac\u00e9 de sanctions disciplinaires\">[&#8230;]<\/a><\/p>\n<\/div>","protected":false},"author":2,"featured_media":11,"comment_status":"open","ping_status":"open","sticky":false,"template":"","format":"standard","meta":{"footnotes":""},"categories":[116,107,115,114,108],"tags":[117,118],"class_list":["post-10","post","type-post","status-publish","format-standard","has-post-thumbnail","hentry","category-cherbourg-en-cotentin","category-faits-divers","category-manche","category-normandie","category-par-regions","tag-cotentin","tag-justice"],"_links":{"self":[{"href":"https:\/\/orthodentiste.fr\/blog\/wp-json\/wp\/v2\/posts\/10","targetHints":{"allow":["GET"]}}],"collection":[{"href":"https:\/\/orthodentiste.fr\/blog\/wp-json\/wp\/v2\/posts"}],"about":[{"href":"https:\/\/orthodentiste.fr\/blog\/wp-json\/wp\/v2\/types\/post"}],"author":[{"embeddable":true,"href":"https:\/\/orthodentiste.fr\/blog\/wp-json\/wp\/v2\/users\/2"}],"replies":[{"embeddable":true,"href":"https:\/\/orthodentiste.fr\/blog\/wp-json\/wp\/v2\/comments?post=10"}],"version-history":[{"count":0,"href":"https:\/\/orthodentiste.fr\/blog\/wp-json\/wp\/v2\/posts\/10\/revisions"}],"wp:featuredmedia":[{"embeddable":true,"href":"https:\/\/orthodentiste.fr\/blog\/wp-json\/wp\/v2\/media\/11"}],"wp:attachment":[{"href":"https:\/\/orthodentiste.fr\/blog\/wp-json\/wp\/v2\/media?parent=10"}],"wp:term":[{"taxonomy":"category","embeddable":true,"href":"https:\/\/orthodentiste.fr\/blog\/wp-json\/wp\/v2\/categories?post=10"},{"taxonomy":"post_tag","embeddable":true,"href":"https:\/\/orthodentiste.fr\/blog\/wp-json\/wp\/v2\/tags?post=10"}],"curies":[{"name":"wp","href":"https:\/\/api.w.org\/{rel}","templated":true}]}}