{"id":8,"date":"2024-03-11T18:57:22","date_gmt":"2024-03-11T17:57:22","guid":{"rendered":"http:\/\/un-orthodontiste-en-vendee-ferme-son-cabinet-suite-au-harcelement-de-sa-femme"},"modified":"2024-03-11T18:57:22","modified_gmt":"2024-03-11T17:57:22","slug":"un-orthodontiste-en-vendee-ferme-son-cabinet-suite-au-harcelement-de-sa-femme","status":"publish","type":"post","link":"https:\/\/orthodentiste.fr\/blog\/un-orthodontiste-en-vendee-ferme-son-cabinet-suite-au-harcelement-de-sa-femme\/","title":{"rendered":"Un orthodontiste en Vend\u00e9e ferme son cabinet suite au harc\u00e8lement de sa femme"},"content":{"rendered":"<p>En Vend\u00e9e, un orthodontiste a \u00e9t\u00e9 contraint de fermer temporairement son cabinet m\u00e9dical en raison du harc\u00e8lement continuel dont il a fait l&#8217;objet de la part de sa femme. Cette derni\u00e8re a d\u00fb assumer les cons\u00e9quences de ses actes et a \u00e9t\u00e9 condamn\u00e9e \u00e0 une peine de prison ainsi qu&#8217;\u00e0 verser des dommages et int\u00e9r\u00eats \u00e0 son mari.<\/p>\n<div id=\"ez-toc-container\" class=\"ez-toc-v2_0_63 counter-hierarchy ez-toc-counter ez-toc-grey ez-toc-container-direction\">\n<div class=\"ez-toc-title-container\">\n<p class=\"ez-toc-title \" >Table des mati\u00e8res<\/p>\n<span class=\"ez-toc-title-toggle\"><a href=\"#\" class=\"ez-toc-pull-right ez-toc-btn ez-toc-btn-xs ez-toc-btn-default ez-toc-toggle\" aria-label=\"Toggle Table of Content\"><span class=\"ez-toc-js-icon-con\"><span class=\"\"><span class=\"eztoc-hide\" style=\"display:none;\">Toggle<\/span><span class=\"ez-toc-icon-toggle-span\"><svg style=\"fill: #999;color:#999\" xmlns=\"http:\/\/www.w3.org\/2000\/svg\" class=\"list-377408\" width=\"20px\" height=\"20px\" viewBox=\"0 0 24 24\" fill=\"none\"><path d=\"M6 6H4v2h2V6zm14 0H8v2h12V6zM4 11h2v2H4v-2zm16 0H8v2h12v-2zM4 16h2v2H4v-2zm16 0H8v2h12v-2z\" fill=\"currentColor\"><\/path><\/svg><svg style=\"fill: #999;color:#999\" class=\"arrow-unsorted-368013\" xmlns=\"http:\/\/www.w3.org\/2000\/svg\" width=\"10px\" height=\"10px\" viewBox=\"0 0 24 24\" version=\"1.2\" baseProfile=\"tiny\"><path d=\"M18.2 9.3l-6.2-6.3-6.2 6.3c-.2.2-.3.4-.3.7s.1.5.3.7c.2.2.4.3.7.3h11c.3 0 .5-.1.7-.3.2-.2.3-.5.3-.7s-.1-.5-.3-.7zM5.8 14.7l6.2 6.3 6.2-6.3c.2-.2.3-.5.3-.7s-.1-.5-.3-.7c-.2-.2-.4-.3-.7-.3h-11c-.3 0-.5.1-.7.3-.2.2-.3.5-.3.7s.1.5.3.7z\"\/><\/svg><\/span><\/span><\/span><\/a><\/span><\/div>\n<nav><ul class='ez-toc-list ez-toc-list-level-1 ' ><li class='ez-toc-page-1 ez-toc-heading-level-2'><a class=\"ez-toc-link ez-toc-heading-1\" href=\"https:\/\/orthodentiste.fr\/blog\/un-orthodontiste-en-vendee-ferme-son-cabinet-suite-au-harcelement-de-sa-femme\/#Une_affaire_de_violence_conjugale_inhabituelle\" title=\"Une affaire de violence conjugale inhabituelle\">Une affaire de violence conjugale inhabituelle<\/a><ul class='ez-toc-list-level-3' ><li class='ez-toc-heading-level-3'><a class=\"ez-toc-link ez-toc-heading-2\" href=\"https:\/\/orthodentiste.fr\/blog\/un-orthodontiste-en-vendee-ferme-son-cabinet-suite-au-harcelement-de-sa-femme\/#Les_douloureuses_consequences_pour_la_victime\" title=\"Les douloureuses cons\u00e9quences pour la victime\">Les douloureuses cons\u00e9quences pour la victime<\/a><\/li><\/ul><\/li><li class='ez-toc-page-1 ez-toc-heading-level-2'><a class=\"ez-toc-link ez-toc-heading-3\" href=\"https:\/\/orthodentiste.fr\/blog\/un-orthodontiste-en-vendee-ferme-son-cabinet-suite-au-harcelement-de-sa-femme\/#Une_condamnation_sans_ambiguite\" title=\"Une condamnation sans ambig\u00fcit\u00e9\">Une condamnation sans ambig\u00fcit\u00e9<\/a><ul class='ez-toc-list-level-3' ><li class='ez-toc-heading-level-3'><a class=\"ez-toc-link ez-toc-heading-4\" href=\"https:\/\/orthodentiste.fr\/blog\/un-orthodontiste-en-vendee-ferme-son-cabinet-suite-au-harcelement-de-sa-femme\/#Un_tournant_pour_les_victimes_masculines_de_violence_conjugale\" title=\"Un tournant pour les victimes masculines de violence conjugale ?\">Un tournant pour les victimes masculines de violence conjugale ?<\/a><\/li><\/ul><\/li><li class='ez-toc-page-1 ez-toc-heading-level-2'><a class=\"ez-toc-link ez-toc-heading-5\" href=\"https:\/\/orthodentiste.fr\/blog\/un-orthodontiste-en-vendee-ferme-son-cabinet-suite-au-harcelement-de-sa-femme\/#Comment_soutenir_les_victimes\" title=\"Comment soutenir les victimes ?\">Comment soutenir les victimes ?<\/a><\/li><li class='ez-toc-page-1 ez-toc-heading-level-2'><a class=\"ez-toc-link ez-toc-heading-6\" href=\"https:\/\/orthodentiste.fr\/blog\/un-orthodontiste-en-vendee-ferme-son-cabinet-suite-au-harcelement-de-sa-femme\/#En_conclusion%E2%80%A6\" title=\"En conclusion&#8230;\">En conclusion&#8230;<\/a><\/li><\/ul><\/nav><\/div>\n<h2><span class=\"ez-toc-section\" id=\"Une_affaire_de_violence_conjugale_inhabituelle\"><\/span>Une affaire de violence conjugale inhabituelle<span class=\"ez-toc-section-end\"><\/span><\/h2>\n<p>Souvent consid\u00e9r\u00e9 comme un probl\u00e8me majoritairement f\u00e9minin, le harc\u00e8lement et la violence conjugale peuvent \u00e9galement toucher les hommes. Dans cette affaire en Vend\u00e9e, l&#8217;orthodontiste tenait un cabinet m\u00e9dical florissant jusqu&#8217;\u00e0 ce que les agissements de sa femme viennent perturber sa vie professionnelle et personnelle.<\/p>\n<p><strong><\/p>\n<p>La victime a re\u00e7u des centaines de SMS de menaces et d&#8217;insultes de la part de sa femme. Ces messages ont \u00e9t\u00e9 vers\u00e9s au dossier judiciaire, faisant ainsi peser sur elle une importante responsabilit\u00e9 pour ces faits de violence.<\/p>\n<p><\/strong><\/p>\n<h3><span class=\"ez-toc-section\" id=\"Les_douloureuses_consequences_pour_la_victime\"><\/span>Les douloureuses cons\u00e9quences pour la victime<span class=\"ez-toc-section-end\"><\/span><\/h3>\n<p>Face \u00e0 ce d\u00e9ferlement de violence, l&#8217;homme se voit dans l&#8217;obligation de fermer son cabinet m\u00e9dical. En effet, travailler dans ces conditions de stress permanent n&#8217;est pas viable pour lui, et pourrait m\u00eame mettre en danger la sant\u00e9 des patients dont il s&#8217;occupe quotidiennement.<\/p>\n<ul>\n<li>Perte d&#8217;activit\u00e9 : fermeture du cabinet m\u00e9dical<\/li>\n<li>Pr\u00e9judice mat\u00e9riel et moral av\u00e9r\u00e9<\/li>\n<li>Soutien psychologique n\u00e9cessaire pour surmonter cette \u00e9preuve<\/li>\n<\/ul>\n<h2><span class=\"ez-toc-section\" id=\"Une_condamnation_sans_ambiguite\"><\/span>Une condamnation sans ambig\u00fcit\u00e9<span class=\"ez-toc-section-end\"><\/span><\/h2>\n<p>Suite au r\u00e9cit de la victime et \u00e0 l&#8217;examen des nombreux \u00e9l\u00e9ments fournis, le tribunal a condamn\u00e9 la femme aux torts partag\u00e9s. Elle devra purger une peine de six mois de prison et verser \u00e0 son mari plus de 13 000 \u20ac de pr\u00e9judice mat\u00e9riel et moral.<\/p>\n<h3><span class=\"ez-toc-section\" id=\"Un_tournant_pour_les_victimes_masculines_de_violence_conjugale\"><\/span>Un tournant pour les victimes masculines de violence conjugale ?<span class=\"ez-toc-section-end\"><\/span><\/h3>\n<p>Cette affaire montre que parfois, ce sont aussi les hommes qui subissent ce type de comportement inadmissible de la part de leur conjointe. Si des associations existent pour aider les femmes, on peut se demander si elles proposent \u00e9galement un soutien pour les hommes concern\u00e9s. Voici quelques chiffres cl\u00e9s concernant la probl\u00e9matique :<\/p>\n<ul>\n<li>En France, chaque ann\u00e9e, plusieurs milliers d&#8217;hommes sont victimes de violences conjugales<\/li>\n<li>Mais ils osent moins fr\u00e9quemment signaler ces faits ou porter plainte<\/li>\n<li>Ils craignent souvent de ne pas \u00eatre pris au s\u00e9rieux par les autorit\u00e9s<\/li>\n<\/ul>\n<h2><span class=\"ez-toc-section\" id=\"Comment_soutenir_les_victimes\"><\/span>Comment soutenir les victimes ?<span class=\"ez-toc-section-end\"><\/span><\/h2>\n<p><strong><\/p>\n<p>Tout comme pour les femmes, il est important d&#8217;encourager les victimes masculines de violence conjugale \u00e0 parler, \u00e0 t\u00e9moigner et \u00e0 porter plainte. Il faut inciter les pouvoirs publics \u00e0 prendre en compte cette probl\u00e9matique et \u00e0 offrir des solutions adapt\u00e9es pour les hommes. <\/p>\n<p><\/strong><\/p>\n<p>Les victimes doivent \u00e9galement \u00eatre encourag\u00e9es \u00e0 se tourner vers les associations d&#8217;aide aux victimes, qui peuvent soutenir psychologiquement ces personnes souffrantes et leur permettre de reprendre le contr\u00f4le de leur vie. Le chemin est encore long, mais la prise de conscience collective est essentielle pour un v\u00e9ritable changement.<\/p>\n<ul>\n<li>Incitation \u00e0 parler : d\u00e9noncer<\/li>\n<li>R\u00e9cup\u00e9rer les preuves mat\u00e9rielles du harc\u00e8lement (messages, photos&#8230;)<\/li>\n<li>Ils peuvent contacter le 3919 : num\u00e9ro d&#8217;aide aux victimes en France<\/li>\n<\/ul>\n<h2><span class=\"ez-toc-section\" id=\"En_conclusion%E2%80%A6\"><\/span>En conclusion&#8230;<span class=\"ez-toc-section-end\"><\/span><\/h2>\n<p>Il est important de rappeler que la violence conjugale n&#8217;est pas exclusivement f\u00e9minine et que les hommes peuvent eux aussi subir ce type de violence au quotidien. La condamnation de l&#8217;orthodontiste t\u00e9moigne du fait que la justice peut faire son travail et sanctionner ce genre de comportements inacceptables, quelle que soit la situation. Soyons solidaires et agissons contre toutes les formes de violence au sein du couple.<\/p>\n","protected":false},"excerpt":{"rendered":"<div class=\"mh-excerpt\"><p>En Vend\u00e9e, un orthodontiste a \u00e9t\u00e9 contraint de fermer temporairement son cabinet m\u00e9dical en raison du harc\u00e8lement continuel dont il a fait l&#8217;objet de la <a class=\"mh-excerpt-more\" href=\"https:\/\/orthodentiste.fr\/blog\/un-orthodontiste-en-vendee-ferme-son-cabinet-suite-au-harcelement-de-sa-femme\/\" title=\"Un orthodontiste en Vend\u00e9e ferme son cabinet suite au harc\u00e8lement de sa femme\">[&#8230;]<\/a><\/p>\n<\/div>","protected":false},"author":2,"featured_media":9,"comment_status":"open","ping_status":"open","sticky":false,"template":"","format":"standard","meta":{"footnotes":""},"categories":[107,111,108,109,110],"tags":[112,113],"class_list":["post-8","post","type-post","status-publish","format-standard","has-post-thumbnail","hentry","category-faits-divers","category-lucon","category-par-regions","category-pays-de-la-loire","category-vendee","tag-escroquerie","tag-violences-conjugales"],"_links":{"self":[{"href":"https:\/\/orthodentiste.fr\/blog\/wp-json\/wp\/v2\/posts\/8","targetHints":{"allow":["GET"]}}],"collection":[{"href":"https:\/\/orthodentiste.fr\/blog\/wp-json\/wp\/v2\/posts"}],"about":[{"href":"https:\/\/orthodentiste.fr\/blog\/wp-json\/wp\/v2\/types\/post"}],"author":[{"embeddable":true,"href":"https:\/\/orthodentiste.fr\/blog\/wp-json\/wp\/v2\/users\/2"}],"replies":[{"embeddable":true,"href":"https:\/\/orthodentiste.fr\/blog\/wp-json\/wp\/v2\/comments?post=8"}],"version-history":[{"count":0,"href":"https:\/\/orthodentiste.fr\/blog\/wp-json\/wp\/v2\/posts\/8\/revisions"}],"wp:featuredmedia":[{"embeddable":true,"href":"https:\/\/orthodentiste.fr\/blog\/wp-json\/wp\/v2\/media\/9"}],"wp:attachment":[{"href":"https:\/\/orthodentiste.fr\/blog\/wp-json\/wp\/v2\/media?parent=8"}],"wp:term":[{"taxonomy":"category","embeddable":true,"href":"https:\/\/orthodentiste.fr\/blog\/wp-json\/wp\/v2\/categories?post=8"},{"taxonomy":"post_tag","embeddable":true,"href":"https:\/\/orthodentiste.fr\/blog\/wp-json\/wp\/v2\/tags?post=8"}],"curies":[{"name":"wp","href":"https:\/\/api.w.org\/{rel}","templated":true}]}}